{"id":419,"date":"2017-01-04T16:30:28","date_gmt":"2017-01-04T15:30:28","guid":{"rendered":"http:\/\/www.schuetzenverein-erlinghausen.de\/WPsve\/wordpress\/?p=419"},"modified":"2017-01-04T16:50:14","modified_gmt":"2017-01-04T15:50:14","slug":"einladung-zur-generalversammlung-2","status":"publish","type":"post","link":"https:\/\/www.schuetzenverein-erlinghausen.de\/WPsve\/wordpress\/?p=419","title":{"rendered":"Einladung zur Generalversammlung"},"content":{"rendered":"<p>Am Samstag, dem 21.01.2017, findet um 20.00 Uhr in der Gastst\u00e4tte Dolce Vita (Kerstings) die ordentliche Generalversammlung des Sch\u00fctzenvereins Erlinghausen e.V. statt.<\/p>\n<p>Tagesordnung:<\/p>\n<ol>\n<li>Begr\u00fc\u00dfung<\/li>\n<li>Verlesung des Protokolls der GV vom 16.01.2016<\/li>\n<li>Bericht des Vorsitzenden<\/li>\n<li>Kassenbericht \/ Bericht der Kassenpr\u00fcfer<\/li>\n<li>Satzungs\u00e4nderung (u.a. Antrag aus der letzten Generalversammlung, siehe unten)<\/li>\n<li>Festtermine<\/li>\n<li>Festmusik \/ Schankvergabe<\/li>\n<li>Vorstandswahlen\n<ul>\n<li>Schie\u00dfmeister<\/li>\n<li>Adjutant<\/li>\n<li>Fahnenoffizier<\/li>\n<li>Zugf\u00fchrer<\/li>\n<\/ul>\n<\/li>\n<li>Verschiedenes<\/li>\n<\/ol>\n<p>Alle Sch\u00fctzenbr\u00fcder sind hierzu herzlich eingeladen.<\/p>\n<p>Die Satzungs\u00e4nderung in der \u00dcbersicht:<\/p>\n<table>\n<tr>\n<td><\/td>\n<td>derzeitige Satzung<\/td>\n<td>Vorschlag neue Satzung<\/td>\n<\/tr>\n<tr>\n<td><\/td>\n<td><\/td>\n<td><\/td>\n<\/tr>\n<tr>\n<td><\/td>\n<td>&#xA7; 5 d)    Pflichten des Mitglieds<\/td>\n<td><\/td>\n<\/tr>\n<tr>\n<td><\/td>\n<td>Grundwehrdienst leistende Sch\u00fctzenbr\u00fcder sind von der Zahlung des Beitrages f\u00fcr ein Jahr befreit. \u00dcber sonstige Beitragsbefreiungen entscheidet der Vorstand.<\/td>\n<td>-entf\u00e4llt-<\/td>\n<\/tr>\n<tr>\n<td><\/td>\n<td><\/td>\n<td><\/td>\n<\/tr>\n<tr>\n<td><\/td>\n<td>&#xA7; 10 Nr. 6         Wahlen<\/td>\n<td><\/td>\n<\/tr>\n<tr>\n<td><\/td>\n<td>Die Wahl des gesch\u00e4ftsf\u00fchrenden Vorstandes ist stets in geheimer Wahl durchzuf\u00fchren. Die Wahl des erweiterten Vorstandes liegt im Ermessen der Mitgliederversammlung. Bei mehreren Vorschl\u00e4gen sollte jedoch ebenfalls eine geheime Wahl erfolgen.<\/td>\n<td>Die Wahlen zum gesch\u00e4ftsf\u00fchrenden und zum erweiterten Vorstand erfolgen nach Ermessen der Mitgliederversammlung offen (per Handzeichen) oder geheim. Bei mehreren Vorschl\u00e4gen muss jedoch eine geheime Wahl erfolgen.<\/td>\n<\/tr>\n<tr>\n<td><\/td>\n<td><\/td>\n<td><\/td>\n<\/tr>\n<tr>\n<td><\/td>\n<td>&#xA7; 11 Nr. 2      Der erweiterte Vorstand besteht aus:<\/td>\n<td><\/td>\n<\/tr>\n<tr>\n<td><\/td>\n<td>g) zwei Fahnenoffizieren<\/td>\n<td>g) vier Fahnenoffizieren<\/td>\n<\/tr>\n<tr>\n<td><\/td>\n<td>h) zwei Zugf\u00fchrern<\/td>\n<td>h) bis zu sechs Zugf\u00fchrern<\/td>\n<\/tr>\n<tr>\n<td><\/td>\n<td><\/td>\n<td><\/td>\n<\/tr>\n<tr>\n<td><\/td>\n<td>&#xA7; 12 Nr. 2      Kirchliches\/Soziales<\/td>\n<td><\/td>\n<\/tr>\n<tr>\n<td><\/td>\n<td>Stirbt ein Sch\u00fctzenmitglied, so beteiligt sich der Sch\u00fctzenverein an der Beerdigung mit einer Fahnenabordnung und ehrt das verstorbene Mitglied durch Niederlegung eines Kranzes. Die Teilnahme ist Ehrenpflicht eines jeden Sch\u00fctzenbruders.<\/td>\n<td>Stirbt ein Sch\u00fctzenmitglied, so beteiligt sich der Sch\u00fctzenverein an der Beerdigung mit einer Fahnenabordnung und ehrt das verstorbene Mitglied. Die Teilnahme ist Ehrenpflicht eines jeden Sch\u00fctzenmitglieds.<\/td>\n<\/tr>\n<tr>\n<td><\/td>\n<td><\/td>\n<td><\/td>\n<\/tr>\n<tr>\n<td><\/td>\n<td>&#xA7; 11 Nr. 3  Weitere Bestimmungen<\/td>\n<td><\/td>\n<\/tr>\n<tr>\n<td><\/td>\n<td>Bei dem j\u00e4hrlichen Sch\u00fctzenfest werden diejenigen Sch\u00fctzenbr\u00fcder geehrt, die 25, 40, 50, 60 und 70 Jahre dem Verein angeh\u00f6ren. Ebenso werden die Sch\u00fctzenk\u00f6nige und Sch\u00fctzenk\u00f6niginnen geehrt, die ihr 25. oder 50 j\u00e4hriges Jubil\u00e4um feiern. \u00dcber weitere Ehrungen entscheidet der gesch\u00e4ftsf\u00fchrende Vorstand.<\/td>\n<td>Bei dem j\u00e4hrlichen Sch\u00fctzenfest werden diejenigen Sch\u00fctzenbr\u00fcder geehrt, die 25, 40, 50, 60 und 70 Jahre dem Verein angeh\u00f6ren. Ebenso werden die Sch\u00fctzenk\u00f6nige und -K\u00f6niginnen geehrt, die ihr 25., 40. oder 50j\u00e4hriges Jubil\u00e4um feiern. \u00dcber weitere Ehrungen entscheidet der gesch\u00e4ftsf\u00fchrende Vorstand.<\/td>\n<\/tr>\n<tr>\n<td><\/td>\n<td><\/td>\n<td><\/td>\n<\/tr>\n<tr>\n<td><\/td>\n<td>&#xA7; 15 Schlussbestimmung<\/td>\n<td><\/td>\n<\/tr>\n<tr>\n<td><\/td>\n<td>Mit der Beschlussfassung dieser Satzung wird die Satzung vom 17. Nov.1963 sowie die zwischenzeitlich beschlossene Satzungs\u00e4nderung au\u00dfer Kraft gesetzt. Diese Satzung wurde in der heutigen ordentlichen Mitgliederversammlung, die ordnungsgem\u00e4\u00df und termingerecht einberufen wurde, den Mitgliedern deutlich verlesen, von diesen in allen Punkten genehmigt und zum Zeichen der Genehmigung von dem gesch\u00e4ftsf\u00fchrenden Vorstand und von 3 weiteren anwesenden Mitgliedern unterschrieben.<\/td>\n<td>-entf\u00e4llt-<\/td>\n<\/tr>\n<\/table>\n","protected":false},"excerpt":{"rendered":"<p>Am Samstag, dem 21.01.2017, findet um 20.00 Uhr in der Gastst\u00e4tte Dolce Vita (Kerstings) die ordentliche Generalversammlung des Sch\u00fctzenvereins Erlinghausen e.V. statt. Tagesordnung: Begr\u00fc\u00dfung Verlesung des Protokolls der GV vom 16.01.2016 Bericht des Vorsitzenden Kassenbericht \/ Bericht der Kassenpr\u00fcfer Satzungs\u00e4nderung&hellip; <\/p>\n","protected":false},"author":1,"featured_media":0,"comment_status":"closed","ping_status":"closed","sticky":false,"template":"","format":"standard","meta":{"footnotes":""},"categories":[1],"tags":[],"class_list":["post-419","post","type-post","status-publish","format-standard","hentry","category-uncategorized"],"_links":{"self":[{"href":"https:\/\/www.schuetzenverein-erlinghausen.de\/WPsve\/wordpress\/index.php?rest_route=\/wp\/v2\/posts\/419","targetHints":{"allow":["GET"]}}],"collection":[{"href":"https:\/\/www.schuetzenverein-erlinghausen.de\/WPsve\/wordpress\/index.php?rest_route=\/wp\/v2\/posts"}],"about":[{"href":"https:\/\/www.schuetzenverein-erlinghausen.de\/WPsve\/wordpress\/index.php?rest_route=\/wp\/v2\/types\/post"}],"author":[{"embeddable":true,"href":"https:\/\/www.schuetzenverein-erlinghausen.de\/WPsve\/wordpress\/index.php?rest_route=\/wp\/v2\/users\/1"}],"replies":[{"embeddable":true,"href":"https:\/\/www.schuetzenverein-erlinghausen.de\/WPsve\/wordpress\/index.php?rest_route=%2Fwp%2Fv2%2Fcomments&post=419"}],"version-history":[{"count":11,"href":"https:\/\/www.schuetzenverein-erlinghausen.de\/WPsve\/wordpress\/index.php?rest_route=\/wp\/v2\/posts\/419\/revisions"}],"predecessor-version":[{"id":431,"href":"https:\/\/www.schuetzenverein-erlinghausen.de\/WPsve\/wordpress\/index.php?rest_route=\/wp\/v2\/posts\/419\/revisions\/431"}],"wp:attachment":[{"href":"https:\/\/www.schuetzenverein-erlinghausen.de\/WPsve\/wordpress\/index.php?rest_route=%2Fwp%2Fv2%2Fmedia&parent=419"}],"wp:term":[{"taxonomy":"category","embeddable":true,"href":"https:\/\/www.schuetzenverein-erlinghausen.de\/WPsve\/wordpress\/index.php?rest_route=%2Fwp%2Fv2%2Fcategories&post=419"},{"taxonomy":"post_tag","embeddable":true,"href":"https:\/\/www.schuetzenverein-erlinghausen.de\/WPsve\/wordpress\/index.php?rest_route=%2Fwp%2Fv2%2Ftags&post=419"}],"curies":[{"name":"wp","href":"https:\/\/api.w.org\/{rel}","templated":true}]}}